{"id":3537,"date":"2023-02-10T08:23:14","date_gmt":"2023-02-10T01:23:14","guid":{"rendered":"https:\/\/lfiduras.com\/?p=3537"},"modified":"2023-02-10T08:23:16","modified_gmt":"2023-02-10T01:23:16","slug":"label-efe3d","status":"publish","type":"post","link":"https:\/\/lfiduras.com\/index.php\/2023\/02\/10\/label-efe3d\/","title":{"rendered":"Label EFE3D"},"content":{"rendered":"<div class=\"wp-block-image\">\n<figure class=\"alignright size-full\"><img fetchpriority=\"high\" decoding=\"async\" width=\"300\" height=\"300\" src=\"https:\/\/lfiduras.com\/lfiduras\/wp-content\/uploads\/2023\/02\/EFE3D-site.png\" alt=\"\" class=\"wp-image-3538\" srcset=\"https:\/\/lfiduras.com\/lfiduras\/wp-content\/uploads\/2023\/02\/EFE3D-site.png 300w, https:\/\/lfiduras.com\/lfiduras\/wp-content\/uploads\/2023\/02\/EFE3D-site-150x150.png 150w\" sizes=\"(max-width: 300px) 100vw, 300px\" \/><\/figure><\/div>\n\n\n<p>Apr\u00e8s l\u2019\u00e9tude de notre dossier, le LfiDuras vient de se voir attribuer le label \u00ab EFE3D \u00bb &#8211; niveau 1. L\u2019AEFE reconnait notre implication en faveur de l\u2019\u00e9ducation d\u00e9veloppement durable et le travail r\u00e9alis\u00e9 par nos \u00e9quipes.<\/p>\n\n\n\n<p>C&#8217;est quoi le label E3D ?<\/p>\n\n\n\n<p>La labellisation \u00ab E3D \u00bb (<strong>\u00c9cole ou \u00c9tablissement en D\u00e9marche globale de D\u00e9veloppement Durable<\/strong>) a \u00e9t\u00e9 d\u00e9velopp\u00e9e par le minist\u00e8re charg\u00e9 de l&#8217;\u00e9ducation nationale pour reconna\u00eetre et encourager les \u00e9coles et \u00e9tablissements scolaires qui s&#8217;engagent dans une d\u00e9marche globale de d\u00e9veloppement durable.<\/p>\n","protected":false},"excerpt":{"rendered":"<p>Apr\u00e8s l\u2019\u00e9tude de notre dossier, le LfiDuras vient de se voir attribuer le label \u00ab EFE3D \u00bb &#8211; niveau 1. L\u2019AEFE reconnait notre implication en faveur de l\u2019\u00e9ducation d\u00e9veloppement durable et le travail r\u00e9alis\u00e9 par nos \u00e9quipes. C&#8217;est quoi le label E3D ? La labellisation \u00ab E3D \u00bb (\u00c9cole ou \u00c9tablissement en D\u00e9marche globale de [&hellip;]<\/p>\n","protected":false},"author":2,"featured_media":0,"comment_status":"open","ping_status":"open","sticky":false,"template":"","format":"standard","meta":{"footnotes":""},"categories":[14],"tags":[],"class_list":["post-3537","post","type-post","status-publish","format-standard","hentry","category-actualites"],"_links":{"self":[{"href":"https:\/\/lfiduras.com\/index.php\/wp-json\/wp\/v2\/posts\/3537","targetHints":{"allow":["GET"]}}],"collection":[{"href":"https:\/\/lfiduras.com\/index.php\/wp-json\/wp\/v2\/posts"}],"about":[{"href":"https:\/\/lfiduras.com\/index.php\/wp-json\/wp\/v2\/types\/post"}],"author":[{"embeddable":true,"href":"https:\/\/lfiduras.com\/index.php\/wp-json\/wp\/v2\/users\/2"}],"replies":[{"embeddable":true,"href":"https:\/\/lfiduras.com\/index.php\/wp-json\/wp\/v2\/comments?post=3537"}],"version-history":[{"count":1,"href":"https:\/\/lfiduras.com\/index.php\/wp-json\/wp\/v2\/posts\/3537\/revisions"}],"predecessor-version":[{"id":3539,"href":"https:\/\/lfiduras.com\/index.php\/wp-json\/wp\/v2\/posts\/3537\/revisions\/3539"}],"wp:attachment":[{"href":"https:\/\/lfiduras.com\/index.php\/wp-json\/wp\/v2\/media?parent=3537"}],"wp:term":[{"taxonomy":"category","embeddable":true,"href":"https:\/\/lfiduras.com\/index.php\/wp-json\/wp\/v2\/categories?post=3537"},{"taxonomy":"post_tag","embeddable":true,"href":"https:\/\/lfiduras.com\/index.php\/wp-json\/wp\/v2\/tags?post=3537"}],"curies":[{"name":"wp","href":"https:\/\/api.w.org\/{rel}","templated":true}]}}